{"id":101544,"date":"2025-05-30T20:27:21","date_gmt":"2025-05-30T20:27:21","guid":{"rendered":"https:\/\/hittner.hr\/?p=101544"},"modified":"2026-02-02T20:42:33","modified_gmt":"2026-02-02T20:42:33","slug":"hittner-hat-an-forexpo-in-frankreich-teilgenommen","status":"publish","type":"post","link":"https:\/\/hittner.hr\/de\/hittner-hat-an-forexpo-in-frankreich-teilgenommen\/","title":{"rendered":"Hittner hat an ForeXpo in Frankreich teilgenommen"},"content":{"rendered":"<p>[et_pb_section fb_built=&#8220;1&#8243; _builder_version=&#8220;4.27.4&#8243; _module_preset=&#8220;default&#8220; background_color=&#8220;#000000&#8243; use_background_color_gradient=&#8220;on&#8220; background_color_gradient_type=&#8220;elliptical&#8220; background_color_gradient_stops=&#8220;rgba(255,255,255,0) 0%|#000000 51%&#8220; background_image=&#8220;https:\/\/hittner.hr\/wp-content\/uploads\/2025\/07\/hittner-slider-1.webp&#8220; background_blend=&#8220;overlay&#8220; locked=&#8220;off&#8220; global_colors_info=&#8220;{}&#8220;][et_pb_row _builder_version=&#8220;4.27.4&#8243; _module_preset=&#8220;default&#8220; global_colors_info=&#8220;{}&#8220;][et_pb_column type=&#8220;4_4&#8243; _builder_version=&#8220;4.27.4&#8243; _module_preset=&#8220;default&#8220; global_colors_info=&#8220;{}&#8220;][et_pb_post_title meta=&#8220;off&#8220; featured_image=&#8220;off&#8220; _builder_version=&#8220;4.27.4&#8243; _module_preset=&#8220;default&#8220; title_text_align=&#8220;center&#8220; title_font_size=&#8220;60px&#8220; meta_text_align=&#8220;center&#8220; meta_text_color=&#8220;#ff8f1f&#8220; title_font_size_tablet=&#8220;50px&#8220; title_font_size_phone=&#8220;44px&#8220; title_font_size_last_edited=&#8220;on|phone&#8220; global_colors_info=&#8220;{}&#8220;][\/et_pb_post_title][\/et_pb_column][\/et_pb_row][\/et_pb_section][et_pb_section fb_built=&#8220;1&#8243; module_class=&#8220;dds-posts&#8220; _builder_version=&#8220;4.27.4&#8243; _module_preset=&#8220;default&#8220; background_color=&#8220;#000000&#8243; custom_padding=&#8220;||0px||false|false&#8220; locked=&#8220;off&#8220; global_colors_info=&#8220;{}&#8220;][et_pb_row column_structure=&#8220;3_5,2_5&#8243; _builder_version=&#8220;4.27.4&#8243; _module_preset=&#8220;default&#8220; custom_padding=&#8220;||0px||false|false&#8220; global_colors_info=&#8220;{}&#8220;][et_pb_column type=&#8220;3_5&#8243; _builder_version=&#8220;4.27.4&#8243; _module_preset=&#8220;default&#8220; global_colors_info=&#8220;{}&#8220;][et_pb_post_title title=&#8220;off&#8220; meta=&#8220;off&#8220; _builder_version=&#8220;4.27.4&#8243; _module_preset=&#8220;default&#8220; global_colors_info=&#8220;{}&#8220;][\/et_pb_post_title][et_pb_text _builder_version=&#8220;4.27.5&#8243; background_color=&#8220;#000000&#8243; background_size=&#8220;initial&#8220; background_position=&#8220;top_left&#8220; background_repeat=&#8220;repeat&#8220; hover_enabled=&#8220;0&#8243; global_colors_info=&#8220;{}&#8220; sticky_enabled=&#8220;0&#8243;]<\/p>\n<p>Wir sind stolz, Ihnen mitteilen zu k\u00f6nnen, dass wir an einer der wichtigsten Veranstaltungen der Forst- und Holzindustrie \u2013 dem ForeXpo in Mimizan, Frankreich, vom 18. bis 20. Juni 2025 \u2013 teilgenommen haben. Diese Messe, die alle vier Jahre stattfindet, bringt mehr als 400 internationale Aussteller und \u00fcber 500 Marken auf einer Fl\u00e4che von 70 Hektar zusammen.<\/p>\n<p>An unserem Stand pr\u00e4sentierten wir die Spitzenmodelle EcoTrac 140 V und EcoTrac 60 G Skidder mit Greifhaken und Stage-V-Motor, die gro\u00dfe Aufmerksamkeit von Experten und Besuchern aus ganz Europa auf sich zogen. Durch die Teilnahme an ForeXpo haben wir unsere Vision von Innovation, Nachhaltigkeit und globaler Zusammenarbeit bei der Mechanisierung der Forste best\u00e4tigt.<\/p>\n<p>Wir m\u00f6chten allen Partnern und Besuchern f\u00fcr ihre au\u00dfergew\u00f6hnliche Zusammenarbeit und ihr Interesse an unseren Produkten danken. Wir freuen uns auf neue Kooperationsm\u00f6glichkeiten und eine weitere erfolgreiche Expansion auf dem internationalen Markt!<\/p>\n<p>[\/et_pb_text][\/et_pb_column][et_pb_column type=&#8220;2_5&#8243; _builder_version=&#8220;4.27.4&#8243; _module_preset=&#8220;default&#8220; global_colors_info=&#8220;{}&#8220;][et_pb_sidebar _builder_version=&#8220;4.27.5&#8243; _module_preset=&#8220;default&#8220; header_font_size=&#8220;28px&#8220; body_text_color=&#8220;#cccccc&#8220; custom_margin_tablet=&#8220;25px||||false|false&#8220; custom_margin_phone=&#8220;25px||||false|false&#8220; custom_margin_last_edited=&#8220;on|phone&#8220; header_font_size_tablet=&#8220;26px&#8220; header_font_size_phone=&#8220;24px&#8220; header_font_size_last_edited=&#8220;on|desktop&#8220; global_colors_info=&#8220;{}&#8220;][\/et_pb_sidebar][\/et_pb_column][\/et_pb_row][\/et_pb_section][et_pb_section fb_built=&#8220;1&#8243; module_class=&#8220;dds-posts&#8220; _builder_version=&#8220;4.27.5&#8243; _module_preset=&#8220;default&#8220; background_color=&#8220;#000000&#8243; custom_margin=&#8220;||-90px||false|false&#8220; custom_padding=&#8220;||0px||false|false&#8220; locked=&#8220;off&#8220; global_colors_info=&#8220;{}&#8220;][\/et_pb_section]<\/p>\n","protected":false},"excerpt":{"rendered":"<p>Wir sind stolz, Ihnen mitteilen zu k\u00f6nnen, dass wir an einer der wichtigsten Veranstaltungen der Forst- und Holzindustrie \u2013 dem ForeXpo in Mimizan, Frankreich, vom 18. bis 20. Juni 2025 \u2013 teilgenommen haben. Diese Messe, die alle vier Jahre stattfindet, bringt mehr als 400 internationale Aussteller und \u00fcber 500 Marken auf einer Fl\u00e4che von 70 [&hellip;]<\/p>\n","protected":false},"author":1,"featured_media":100807,"comment_status":"closed","ping_status":"closed","sticky":false,"template":"","format":"standard","meta":{"_et_pb_use_builder":"on","_et_pb_old_content":"","_et_gb_content_width":"","footnotes":""},"categories":[14],"tags":[],"class_list":["post-101544","post","type-post","status-publish","format-standard","has-post-thumbnail","hentry","category-nicht-kategorisiert"],"_links":{"self":[{"href":"https:\/\/hittner.hr\/de\/wp-json\/wp\/v2\/posts\/101544","targetHints":{"allow":["GET"]}}],"collection":[{"href":"https:\/\/hittner.hr\/de\/wp-json\/wp\/v2\/posts"}],"about":[{"href":"https:\/\/hittner.hr\/de\/wp-json\/wp\/v2\/types\/post"}],"author":[{"embeddable":true,"href":"https:\/\/hittner.hr\/de\/wp-json\/wp\/v2\/users\/1"}],"replies":[{"embeddable":true,"href":"https:\/\/hittner.hr\/de\/wp-json\/wp\/v2\/comments?post=101544"}],"version-history":[{"count":4,"href":"https:\/\/hittner.hr\/de\/wp-json\/wp\/v2\/posts\/101544\/revisions"}],"predecessor-version":[{"id":101557,"href":"https:\/\/hittner.hr\/de\/wp-json\/wp\/v2\/posts\/101544\/revisions\/101557"}],"wp:featuredmedia":[{"embeddable":true,"href":"https:\/\/hittner.hr\/de\/wp-json\/wp\/v2\/media\/100807"}],"wp:attachment":[{"href":"https:\/\/hittner.hr\/de\/wp-json\/wp\/v2\/media?parent=101544"}],"wp:term":[{"taxonomy":"category","embeddable":true,"href":"https:\/\/hittner.hr\/de\/wp-json\/wp\/v2\/categories?post=101544"},{"taxonomy":"post_tag","embeddable":true,"href":"https:\/\/hittner.hr\/de\/wp-json\/wp\/v2\/tags?post=101544"}],"curies":[{"name":"wp","href":"https:\/\/api.w.org\/{rel}","templated":true}]}}