{"id":101502,"date":"2026-01-17T18:57:44","date_gmt":"2026-01-17T18:57:44","guid":{"rendered":"https:\/\/hittner.hr\/dani-otvorenih-vrata\/"},"modified":"2026-02-02T19:34:55","modified_gmt":"2026-02-02T19:34:55","slug":"dani-otvorenih-vrata","status":"publish","type":"post","link":"https:\/\/hittner.hr\/de\/dani-otvorenih-vrata\/","title":{"rendered":"Tag der offenen T\u00fcr 2026"},"content":{"rendered":"<p>[et_pb_section fb_built=&#8220;1&#8243; _builder_version=&#8220;4.27.4&#8243; _module_preset=&#8220;default&#8220; background_color=&#8220;#000000&#8243; use_background_color_gradient=&#8220;on&#8220; background_color_gradient_type=&#8220;elliptical&#8220; background_color_gradient_stops=&#8220;rgba(255,255,255,0) 0%|#000000 51%&#8220; background_image=&#8220;https:\/\/hittner.hr\/wp-content\/uploads\/2025\/07\/hittner-slider-1.webp&#8220; background_blend=&#8220;overlay&#8220; locked=&#8220;off&#8220; global_colors_info=&#8220;{}&#8220;][et_pb_row _builder_version=&#8220;4.27.4&#8243; _module_preset=&#8220;default&#8220; global_colors_info=&#8220;{}&#8220;][et_pb_column type=&#8220;4_4&#8243; _builder_version=&#8220;4.27.4&#8243; _module_preset=&#8220;default&#8220; global_colors_info=&#8220;{}&#8220;][et_pb_post_title meta=&#8220;off&#8220; featured_image=&#8220;off&#8220; _builder_version=&#8220;4.27.4&#8243; _module_preset=&#8220;default&#8220; title_text_align=&#8220;center&#8220; title_font_size=&#8220;60px&#8220; meta_text_align=&#8220;center&#8220; meta_text_color=&#8220;#ff8f1f&#8220; title_font_size_tablet=&#8220;50px&#8220; title_font_size_phone=&#8220;44px&#8220; title_font_size_last_edited=&#8220;on|phone&#8220; global_colors_info=&#8220;{}&#8220;][\/et_pb_post_title][\/et_pb_column][\/et_pb_row][\/et_pb_section][et_pb_section fb_built=&#8220;1&#8243; module_class=&#8220;dds-posts&#8220; _builder_version=&#8220;4.27.4&#8243; _module_preset=&#8220;default&#8220; background_color=&#8220;#000000&#8243; custom_padding=&#8220;||0px||false|false&#8220; locked=&#8220;off&#8220; global_colors_info=&#8220;{}&#8220;][et_pb_row column_structure=&#8220;3_5,2_5&#8243; _builder_version=&#8220;4.27.4&#8243; _module_preset=&#8220;default&#8220; custom_padding=&#8220;||0px||false|false&#8220; global_colors_info=&#8220;{}&#8220;][et_pb_column type=&#8220;3_5&#8243; _builder_version=&#8220;4.27.4&#8243; _module_preset=&#8220;default&#8220; global_colors_info=&#8220;{}&#8220;][et_pb_post_title title=&#8220;off&#8220; meta=&#8220;off&#8220; _builder_version=&#8220;4.27.5&#8243; _module_preset=&#8220;default&#8220; global_colors_info=&#8220;{}&#8220;][\/et_pb_post_title][et_pb_text _builder_version=&#8220;4.27.5&#8243; background_color=&#8220;#000000&#8243; background_size=&#8220;initial&#8220; background_position=&#8220;top_left&#8220; background_repeat=&#8220;repeat&#8220; hover_enabled=&#8220;0&#8243; global_colors_info=&#8220;{}&#8220; sticky_enabled=&#8220;0&#8243;]<\/p>\n<p><strong>Am 17. Januar 2026 veranstalteten wir einen Tag der offenen T\u00fcr f\u00fcr unsere Kunden und Partner. Wir begr\u00fc\u00dften Vertreter von 20 Unternehmen aus Slowenien, Serbien, Bosnien und Herzegowina und Kroatien.<\/strong><\/p>\n<p>Mislav \u010celar, Gesch\u00e4ftsf\u00fchrer von Hittner d.o.o., pr\u00e4sentierte bestehende und zuk\u00fcnftige Produkte sowie ein F\u00f6rderprogramm im Zusammenhang mit der Ma\u00dfnahme \u201e73.06. Investitionen \u2013 Modernisierung forstwirtschaftlicher Technologien in der Holzernte, waldbaulichen Ma\u00dfnahmen und der Produktion von forstlichem Vermehrungsmaterial\u201c.<br \/>Professor Dr. Marijan \u0160u\u0161njar von der Fakult\u00e4t f\u00fcr Forst- und Holztechnologie der Universit\u00e4t Zagreb referierte \u00fcber aktuelle und zuk\u00fcnftige Trends und Technologien in der Forstwirtschaft im Bereich der Forstmechanisierung.<br \/>Professor Dr. Milorad Danilovi\u0107 von der Fakult\u00e4t f\u00fcr Forstwirtschaft der Universit\u00e4t Belgrad hie\u00df die Teilnehmer willkommen und hielt einen kurzen Vortrag.<\/p>\n<p>Anschlie\u00dfend f\u00fchrte Produktionsleiter Silvio Rogoz die G\u00e4ste durch die Produktionsanlagen und pr\u00e4sentierte die Fertigungsprozesse unserer eigenen Produkte sowie die Bearbeitung als Dienstleistung f\u00fcr externe Partner. Eine Praxisvorf\u00fchrung der EcoTrac 60 VD und EcoTrac 140 VD fand in Zusammenarbeit mit Hrvatske \u0160ume am Standort \u0160androvac unter extrem anspruchsvollen Bedingungen statt.<\/p>\n<p>[\/et_pb_text][\/et_pb_column][et_pb_column type=&#8220;2_5&#8243; _builder_version=&#8220;4.27.4&#8243; _module_preset=&#8220;default&#8220; global_colors_info=&#8220;{}&#8220;][et_pb_sidebar _builder_version=&#8220;4.27.5&#8243; _module_preset=&#8220;default&#8220; header_font_size=&#8220;28px&#8220; body_text_color=&#8220;#cccccc&#8220; custom_margin_tablet=&#8220;25px||||false|false&#8220; custom_margin_phone=&#8220;25px||||false|false&#8220; custom_margin_last_edited=&#8220;on|phone&#8220; header_font_size_tablet=&#8220;26px&#8220; header_font_size_phone=&#8220;24px&#8220; header_font_size_last_edited=&#8220;on|desktop&#8220; global_colors_info=&#8220;{}&#8220;][\/et_pb_sidebar][\/et_pb_column][\/et_pb_row][\/et_pb_section][et_pb_section fb_built=&#8220;1&#8243; module_class=&#8220;dds-posts&#8220; _builder_version=&#8220;4.27.5&#8243; _module_preset=&#8220;default&#8220; background_color=&#8220;#000000&#8243; custom_margin=&#8220;||-90px||false|false&#8220; custom_padding=&#8220;||0px||false|false&#8220; locked=&#8220;off&#8220; global_colors_info=&#8220;{}&#8220;][et_pb_row column_structure=&#8220;1_2,1_2&#8243; admin_label=&#8220;row&#8220; _builder_version=&#8220;4.27.4&#8243; background_size=&#8220;initial&#8220; background_position=&#8220;top_left&#8220; background_repeat=&#8220;repeat&#8220; locked=&#8220;off&#8220; global_colors_info=&#8220;{}&#8220;][et_pb_column type=&#8220;1_2&#8243; _builder_version=&#8220;4.16&#8243; custom_padding=&#8220;|||&#8220; global_colors_info=&#8220;{}&#8220; custom_padding__hover=&#8220;|||&#8220;][et_pb_video src=&#8220;https:\/\/youtu.be\/ncjtH56mzT8?si=lCNw60iZ_0MC2Ltu&#8220; _builder_version=&#8220;4.27.5&#8243; _module_preset=&#8220;default&#8220; global_colors_info=&#8220;{}&#8220;][\/et_pb_video][\/et_pb_column][et_pb_column type=&#8220;1_2&#8243; _builder_version=&#8220;4.16&#8243; custom_padding=&#8220;|||&#8220; global_colors_info=&#8220;{}&#8220; custom_padding__hover=&#8220;|||&#8220;][et_pb_video src=&#8220;https:\/\/youtu.be\/CARUSm9RGqU?si=ixrY3Mj5NMC2hXNy&#8220; _builder_version=&#8220;4.27.5&#8243; _module_preset=&#8220;default&#8220; global_colors_info=&#8220;{}&#8220;][\/et_pb_video][\/et_pb_column][\/et_pb_row][\/et_pb_section]<\/p>\n","protected":false},"excerpt":{"rendered":"<p>Am 17. Januar 2026 veranstalteten wir einen Tag der offenen T\u00fcr f\u00fcr unsere Kunden und Partner. Wir begr\u00fc\u00dften Vertreter von 20 Unternehmen aus Slowenien, Serbien, Bosnien und Herzegowina und Kroatien. Mislav \u010celar, Gesch\u00e4ftsf\u00fchrer von Hittner d.o.o., pr\u00e4sentierte bestehende und zuk\u00fcnftige Produkte sowie ein F\u00f6rderprogramm im Zusammenhang mit der Ma\u00dfnahme \u201e73.06. Investitionen \u2013 Modernisierung forstwirtschaftlicher Technologien [&hellip;]<\/p>\n","protected":false},"author":1,"featured_media":101503,"comment_status":"closed","ping_status":"closed","sticky":false,"template":"","format":"standard","meta":{"_et_pb_use_builder":"on","_et_pb_old_content":"","_et_gb_content_width":"","footnotes":""},"categories":[14],"tags":[],"class_list":["post-101502","post","type-post","status-publish","format-standard","has-post-thumbnail","hentry","category-nicht-kategorisiert"],"_links":{"self":[{"href":"https:\/\/hittner.hr\/de\/wp-json\/wp\/v2\/posts\/101502","targetHints":{"allow":["GET"]}}],"collection":[{"href":"https:\/\/hittner.hr\/de\/wp-json\/wp\/v2\/posts"}],"about":[{"href":"https:\/\/hittner.hr\/de\/wp-json\/wp\/v2\/types\/post"}],"author":[{"embeddable":true,"href":"https:\/\/hittner.hr\/de\/wp-json\/wp\/v2\/users\/1"}],"replies":[{"embeddable":true,"href":"https:\/\/hittner.hr\/de\/wp-json\/wp\/v2\/comments?post=101502"}],"version-history":[{"count":3,"href":"https:\/\/hittner.hr\/de\/wp-json\/wp\/v2\/posts\/101502\/revisions"}],"predecessor-version":[{"id":101507,"href":"https:\/\/hittner.hr\/de\/wp-json\/wp\/v2\/posts\/101502\/revisions\/101507"}],"wp:featuredmedia":[{"embeddable":true,"href":"https:\/\/hittner.hr\/de\/wp-json\/wp\/v2\/media\/101503"}],"wp:attachment":[{"href":"https:\/\/hittner.hr\/de\/wp-json\/wp\/v2\/media?parent=101502"}],"wp:term":[{"taxonomy":"category","embeddable":true,"href":"https:\/\/hittner.hr\/de\/wp-json\/wp\/v2\/categories?post=101502"},{"taxonomy":"post_tag","embeddable":true,"href":"https:\/\/hittner.hr\/de\/wp-json\/wp\/v2\/tags?post=101502"}],"curies":[{"name":"wp","href":"https:\/\/api.w.org\/{rel}","templated":true}]}}